{"id":237,"date":"2017-09-30T07:29:07","date_gmt":"2017-09-30T07:29:07","guid":{"rendered":"https:\/\/www.augschburger-poesie-kaeschtle.de\/?p=237"},"modified":"2017-09-30T07:35:54","modified_gmt":"2017-09-30T07:35:54","slug":"augschburger-poesie-kaeschtle-in-der-az","status":"publish","type":"post","link":"https:\/\/www.augschburger-poesie-kaeschtle.de\/?p=237","title":{"rendered":"Augschburger-Poesie-K\u00e4schtle in der AZ"},"content":{"rendered":"<p>Die Augsburger Allgemeine berichtete unter anderem am 30.\/31.August 2017 \u00fcber das Augschburger-Poesie-K\u00e4schtle ! Dankesch\u00f6n an das Team vom Feuilleton der AZ ! Nachzulesen unter <a href=\"http:\/\/www.augsburger-allgemeine.de\/augsburg\/Kriegshaber-aus-dem-Korsett-befreit-id42546026.html\">Kriegshaber, aus dem Korsett befreit<\/a> ! Ein Briefkasten f\u00fcr die Poesie ist ja in sich schon wieder eine poetische Idee !!!<\/p>\n","protected":false},"excerpt":{"rendered":"<p>Die Augsburger Allgemeine berichtete unter anderem am 30.\/31.August 2017 \u00fcber das Augschburger-Poesie-K\u00e4schtle ! Dankesch\u00f6n an das Team vom Feuilleton der AZ ! Nachzulesen unter Kriegshaber, aus dem Korsett befreit ! Ein Briefkasten f\u00fcr die Poesie ist ja in sich schon wieder eine poetische Idee !!!<\/p>\n","protected":false},"author":3,"featured_media":0,"comment_status":"closed","ping_status":"closed","sticky":false,"template":"","format":"standard","meta":{"footnotes":""},"categories":[4],"tags":[],"class_list":["post-237","post","type-post","status-publish","format-standard","hentry","category-medienecho"],"_links":{"self":[{"href":"https:\/\/www.augschburger-poesie-kaeschtle.de\/index.php?rest_route=\/wp\/v2\/posts\/237","targetHints":{"allow":["GET"]}}],"collection":[{"href":"https:\/\/www.augschburger-poesie-kaeschtle.de\/index.php?rest_route=\/wp\/v2\/posts"}],"about":[{"href":"https:\/\/www.augschburger-poesie-kaeschtle.de\/index.php?rest_route=\/wp\/v2\/types\/post"}],"author":[{"embeddable":true,"href":"https:\/\/www.augschburger-poesie-kaeschtle.de\/index.php?rest_route=\/wp\/v2\/users\/3"}],"replies":[{"embeddable":true,"href":"https:\/\/www.augschburger-poesie-kaeschtle.de\/index.php?rest_route=%2Fwp%2Fv2%2Fcomments&post=237"}],"version-history":[{"count":3,"href":"https:\/\/www.augschburger-poesie-kaeschtle.de\/index.php?rest_route=\/wp\/v2\/posts\/237\/revisions"}],"predecessor-version":[{"id":241,"href":"https:\/\/www.augschburger-poesie-kaeschtle.de\/index.php?rest_route=\/wp\/v2\/posts\/237\/revisions\/241"}],"wp:attachment":[{"href":"https:\/\/www.augschburger-poesie-kaeschtle.de\/index.php?rest_route=%2Fwp%2Fv2%2Fmedia&parent=237"}],"wp:term":[{"taxonomy":"category","embeddable":true,"href":"https:\/\/www.augschburger-poesie-kaeschtle.de\/index.php?rest_route=%2Fwp%2Fv2%2Fcategories&post=237"},{"taxonomy":"post_tag","embeddable":true,"href":"https:\/\/www.augschburger-poesie-kaeschtle.de\/index.php?rest_route=%2Fwp%2Fv2%2Ftags&post=237"}],"curies":[{"name":"wp","href":"https:\/\/api.w.org\/{rel}","templated":true}]}}