{"id":255,"date":"2018-06-09T15:05:21","date_gmt":"2018-06-09T15:05:21","guid":{"rendered":"https:\/\/www.augschburger-poesie-kaeschtle.de\/?p=255"},"modified":"2019-03-14T11:04:51","modified_gmt":"2019-03-14T11:04:51","slug":"zusammenarbeit-vom-kaeschtle-mit-frauen-fuer-frieden","status":"publish","type":"post","link":"https:\/\/www.augschburger-poesie-kaeschtle.de\/?p=255","title":{"rendered":"Zusammenarbeit vom K\u00e4schtle mit Frauen f\u00fcr Frieden"},"content":{"rendered":"<hr \/>\n<p><em><span style=\"color: #800080;\">Wegen der Begeisterung f\u00fcr Poesie haben wir uns, Alexandra und Reiner im Abraxas\u00a02016 n\u00e4her kennengelernt und mit Unterst\u00fctzung des MGT G\u00f6ggingen initiieren wir gemeinsam kulturelle Veranstaltungen. <\/span><\/em><\/p>\n<p>Am Samstag, dem 09.M\u00e4rz 2019 fand im Augustanasaal Augsburg von 18 Uhr 30 bis 21 Uhr eine wunderbare Veranstaltung zum Weltfrauentag statt, mit vielen K\u00fcnstlern, organisiert von der Friedensbotschafterin Alexandra Maghalhaes Zeiner und dem Verein Frauen f\u00fcr Frieden Augsburg, ein herzlicher Dank geht auch an die Leiterin der Gleichungsstelle der Stadt, Frau Barbara Emrich. An alle, die zum Gelingen der Veranstaltung beigetragen haben, ein herzliches Dankesch\u00f6n und wir k\u00e4mpfen weiterhin f\u00fcr eine friedliche Welt ! Wenn Ihr mehr dar\u00fcber wissen wollt, nehmt Kontakt auf \u00fcber facebook Mulheres pele Paz Frauen f\u00fcr Frieden.<\/p>\n<p>Liebe Gr\u00fc\u00dfe an alle friedliche Menschen<\/p>\n<p>Reiner Mayr<\/p>\n<p>&nbsp;<\/p>\n<p>&nbsp;<\/p>\n<p>&nbsp;<\/p>\n<p>&nbsp;<\/p>\n<p>&nbsp;<\/p>\n<p>&nbsp;<\/p>\n<p>Das Bild des Briefkasten seht Ihr unter MGT G\u00f6ggingen Programm Juli-Sept.18 unter aktuelles. Das K\u00e4schtle macht f\u00fcr Eure Gedichte die Klappe auf und zu !<\/p>\n<p>&nbsp;<\/p>\n<p>&nbsp;<\/p>\n<p>&nbsp;<\/p>\n<p>&nbsp;<\/p>\n","protected":false},"excerpt":{"rendered":"<p>Wegen der Begeisterung f\u00fcr Poesie haben wir uns, Alexandra und Reiner im Abraxas\u00a02016 n\u00e4her kennengelernt und mit Unterst\u00fctzung des MGT G\u00f6ggingen initiieren wir gemeinsam kulturelle Veranstaltungen. Am Samstag, dem 09.M\u00e4rz 2019 fand im Augustanasaal Augsburg von 18 Uhr 30 bis 21 Uhr eine wunderbare Veranstaltung zum Weltfrauentag statt, mit vielen K\u00fcnstlern, organisiert von der Friedensbotschafterin [&hellip;]<\/p>\n","protected":false},"author":3,"featured_media":0,"comment_status":"closed","ping_status":"closed","sticky":false,"template":"","format":"standard","meta":{"footnotes":""},"categories":[3],"tags":[],"class_list":["post-255","post","type-post","status-publish","format-standard","hentry","category-neuigkeiten"],"_links":{"self":[{"href":"https:\/\/www.augschburger-poesie-kaeschtle.de\/index.php?rest_route=\/wp\/v2\/posts\/255","targetHints":{"allow":["GET"]}}],"collection":[{"href":"https:\/\/www.augschburger-poesie-kaeschtle.de\/index.php?rest_route=\/wp\/v2\/posts"}],"about":[{"href":"https:\/\/www.augschburger-poesie-kaeschtle.de\/index.php?rest_route=\/wp\/v2\/types\/post"}],"author":[{"embeddable":true,"href":"https:\/\/www.augschburger-poesie-kaeschtle.de\/index.php?rest_route=\/wp\/v2\/users\/3"}],"replies":[{"embeddable":true,"href":"https:\/\/www.augschburger-poesie-kaeschtle.de\/index.php?rest_route=%2Fwp%2Fv2%2Fcomments&post=255"}],"version-history":[{"count":6,"href":"https:\/\/www.augschburger-poesie-kaeschtle.de\/index.php?rest_route=\/wp\/v2\/posts\/255\/revisions"}],"predecessor-version":[{"id":332,"href":"https:\/\/www.augschburger-poesie-kaeschtle.de\/index.php?rest_route=\/wp\/v2\/posts\/255\/revisions\/332"}],"wp:attachment":[{"href":"https:\/\/www.augschburger-poesie-kaeschtle.de\/index.php?rest_route=%2Fwp%2Fv2%2Fmedia&parent=255"}],"wp:term":[{"taxonomy":"category","embeddable":true,"href":"https:\/\/www.augschburger-poesie-kaeschtle.de\/index.php?rest_route=%2Fwp%2Fv2%2Fcategories&post=255"},{"taxonomy":"post_tag","embeddable":true,"href":"https:\/\/www.augschburger-poesie-kaeschtle.de\/index.php?rest_route=%2Fwp%2Fv2%2Ftags&post=255"}],"curies":[{"name":"wp","href":"https:\/\/api.w.org\/{rel}","templated":true}]}}