{"id":369,"date":"2019-07-22T09:31:32","date_gmt":"2019-07-22T09:31:32","guid":{"rendered":"https:\/\/www.augschburger-poesie-kaeschtle.de\/?p=369"},"modified":"2019-07-22T09:31:32","modified_gmt":"2019-07-22T09:31:32","slug":"sommerfest-mgt-goeggingen","status":"publish","type":"post","link":"https:\/\/www.augschburger-poesie-kaeschtle.de\/?p=369","title":{"rendered":"Sommerfest MGT G\u00f6ggingen"},"content":{"rendered":"<p>Hallo liebe Poeten oder mit dem MGT-G\u00f6ggingen verbundene mitwirkende Teilnehmer des Sommerfestes 2019, nat\u00fcrlich sind auch G\u00e4ste willkommen ! Beginn ist um 16 Uhr am Freitag, dem 26.Juli 2019 in der Von Cobres Str 1, 86199 Augsburg\/G\u00f6ggingen am alten Rathaus. Es beteiligt sich wieder das Augschburger-Poesie-K\u00e4schtle mit einer Luftballonaktion mit angeh\u00e4ngten Gedichten, zusammen mit dem MGT. Diese 50 Ballone werden dann mit lautem Hallo in den Himmel entlassen. Weitere Mitwirkende sind Frauen f\u00fcr Frieden e.V mit eigenen Aktionen und andere Gruppen des MGT. F\u00fcr die leiblichen Gen\u00fcsse ist gesorgt, wir hoffen auf eine rege Teilnahme.<\/p>\n<p>Reiner Mayr<\/p>\n","protected":false},"excerpt":{"rendered":"<p>Hallo liebe Poeten oder mit dem MGT-G\u00f6ggingen verbundene mitwirkende Teilnehmer des Sommerfestes 2019, nat\u00fcrlich sind auch G\u00e4ste willkommen ! Beginn ist um 16 Uhr am Freitag, dem 26.Juli 2019 in der Von Cobres Str 1, 86199 Augsburg\/G\u00f6ggingen am alten Rathaus. Es beteiligt sich wieder das Augschburger-Poesie-K\u00e4schtle mit einer Luftballonaktion mit angeh\u00e4ngten Gedichten, zusammen mit dem [&hellip;]<\/p>\n","protected":false},"author":3,"featured_media":0,"comment_status":"closed","ping_status":"closed","sticky":false,"template":"","format":"standard","meta":{"footnotes":""},"categories":[3],"tags":[],"class_list":["post-369","post","type-post","status-publish","format-standard","hentry","category-neuigkeiten"],"_links":{"self":[{"href":"https:\/\/www.augschburger-poesie-kaeschtle.de\/index.php?rest_route=\/wp\/v2\/posts\/369","targetHints":{"allow":["GET"]}}],"collection":[{"href":"https:\/\/www.augschburger-poesie-kaeschtle.de\/index.php?rest_route=\/wp\/v2\/posts"}],"about":[{"href":"https:\/\/www.augschburger-poesie-kaeschtle.de\/index.php?rest_route=\/wp\/v2\/types\/post"}],"author":[{"embeddable":true,"href":"https:\/\/www.augschburger-poesie-kaeschtle.de\/index.php?rest_route=\/wp\/v2\/users\/3"}],"replies":[{"embeddable":true,"href":"https:\/\/www.augschburger-poesie-kaeschtle.de\/index.php?rest_route=%2Fwp%2Fv2%2Fcomments&post=369"}],"version-history":[{"count":1,"href":"https:\/\/www.augschburger-poesie-kaeschtle.de\/index.php?rest_route=\/wp\/v2\/posts\/369\/revisions"}],"predecessor-version":[{"id":370,"href":"https:\/\/www.augschburger-poesie-kaeschtle.de\/index.php?rest_route=\/wp\/v2\/posts\/369\/revisions\/370"}],"wp:attachment":[{"href":"https:\/\/www.augschburger-poesie-kaeschtle.de\/index.php?rest_route=%2Fwp%2Fv2%2Fmedia&parent=369"}],"wp:term":[{"taxonomy":"category","embeddable":true,"href":"https:\/\/www.augschburger-poesie-kaeschtle.de\/index.php?rest_route=%2Fwp%2Fv2%2Fcategories&post=369"},{"taxonomy":"post_tag","embeddable":true,"href":"https:\/\/www.augschburger-poesie-kaeschtle.de\/index.php?rest_route=%2Fwp%2Fv2%2Ftags&post=369"}],"curies":[{"name":"wp","href":"https:\/\/api.w.org\/{rel}","templated":true}]}}